{"id":3922,"date":"2020-10-11T14:10:51","date_gmt":"2020-10-11T19:10:51","guid":{"rendered":"http:\/\/www.descolonizacion.org\/pt-br\/?p=3922"},"modified":"2020-10-11T14:11:53","modified_gmt":"2020-10-11T19:11:53","slug":"conferencia-covid-19","status":"publish","type":"post","link":"https:\/\/www.descolonizacion.org\/pt-br\/conferencia-covid-19\/","title":{"rendered":"Confer\u00eancia &#8220;Covid-19, mentes colonizadas: \u201cseguidismo\u201d latino-americano&#8221;"},"content":{"rendered":"<ul>\n<h2>Confer\u00eancia  <em>&#8220;Covid-19, mentes colonizadas: \u201cseguidismo\u201d latino-americano&#8221;\u201c<\/em><\/h2>\n<h3><\/h3>\n<\/ul>\n<p><\/p>\n<ul>\n<li>\n<p>O coletivo decolonizacion.org prop\u00f5e esta segunda-feira, 12 de outubro, &#8220;dia da ra\u00e7a&#8221;, um encontro sobre o tema do \u201cseguidismo\u201d na Am\u00e9rica Latina a respeito da Europa e ao &#8220;primeiro mundo&#8221;, no contexto da crise sanit\u00e1ria em torno do Covid-19. <!--more--><\/p>\n<p><em>\u201cEstive na Venezuela em mar\u00e7o e vi como o que foi decidido na It\u00e1lia, Espanha e Fran\u00e7a foi automaticamente tomado pelos meios de comunica\u00e7\u00e3o e pelas autoridades. Hoje vejo o mesmo no Brasil, onde acabo de chegar, por parte da m\u00eddia e de algumas autoridades. As medidas tomadas em Paris s\u00e3o uma refer\u00eancia, enquanto que na Fran\u00e7a, onde esteve at\u00e9 h\u00e1 poucos dias, s\u00e3o extremamente criticadas e geram uma insatisfa\u00e7\u00e3o crescente. Mas se as autoridades de Paris ou Madrid o fazem, deve estar tudo bem&#8230; N\u00e3o? \u00c9 assim que pensa o brasileiro, o colonizado de uma forma geral que n\u00e3o foi emancipado do seu complexo de inferioridade e da sua admira\u00e7\u00e3o cega pelo que vem da \u201cp\u00e1tria-m\u00e3e\u201d\u201d<\/em> declara David Uzal, coordenador continental do grupo.<\/p>\n<p>Descolonizacion.org, visa chamar a aten\u00e7\u00e3o para a depend\u00eancia cultural e mental das ex-col\u00f3nias com seus antigos propriet\u00e1rios e de forma geral com a Europa e Am\u00e9rica do Norte, consideradas fontes supremas das normas, como aquilo que deve ser imitado e seguido, como as na\u00e7\u00f5es que t\u00eam legitimidade para comandar direta ou indiretamente os assuntos do continente.<\/p>\n<p>A crise da Covid-19 demonstrou um \u201cseguidismo\u201d generalizado por parte dos pa\u00edses latino-americanos cujas realidades s\u00e3o, no entanto, diferentes das da Europa ou da Am\u00e9rica do Norte. <\/p>\n<p><em>\u201cDe certa forma, esta crise promove \u00e0 \u201cprimeira liga\u201d todos os pa\u00edses que aderem aos mandamentos da OMS, neutralizando assim as diferen\u00e7as, aparentemente enormes, entre pa\u00edses como o nosso, tamb\u00e9m \u00cdndia e \u00c1frica, com o resto do mundo. Permite que ganhem imediatamente um status desejado, simplesmente mostrando que tamb\u00e9m se importam, que est\u00e3o na \u201conda da sa\u00fade\u201d, que o seu maior problema tamb\u00e9m \u00e9 o v\u00edrus Covid-19 e, de repente, por magia, todos os outros problemas, que s\u00e3o muito graves, desaparecem por detr\u00e1s da cortina de fuma\u00e7a do \u201ccombate \u00e0 pandemia\u201d \u201d\u201d<\/em> declara \u00c1ngel Xue Guti\u00e9rrez, coordenador para a Col\u00f4mbia onde \u201ca crise da sa\u00fade\u201d serve, como no resto do continente, para neutralizar a crescente insatisfa\u00e7\u00e3o da popula\u00e7\u00e3o com a situa\u00e7\u00e3o econ\u00f3mica, social e de seguran\u00e7a p\u00fablica.<\/p>\n<p>Estas quest\u00f5es e algumas outras ser\u00e3o apresentadas e debatidas nesta segunda-feira \u00e0s 15h00 (Bogot\u00e1) por, al\u00e9m dos citados David Uzal (Brasil) e \u00c1ngel Xue Guti\u00e9rrez (Col\u00f4mbia), Erich Rever (dentista e ativista, Peru) e a cientista pol\u00edtica Patricia Archila, a psic\u00f3loga Cristina Bonilla e Santiago Gonz\u00e1lez, um comunicador independente.<\/p>\n<p>Evento Online: <a href=\"https:\/\/zoom.us\/j\/99011104718\" rel=\"noopener noreferrer\" target=\"_blank\">Zoom, ID da reuni\u00e3o:<\/a>, C\u00f3digo de acesso 12345<\/p>\n<\/li>\n<p><\/p>\n<p><img decoding=\"async\" src=\"http:\/\/www.descolonizacion.org\/wp-content\/uploads\/2020\/10\/descolonizacionCovid19-600.jpg\" alt=\"\" \/><\/p>\n<li style=\"display:inline;\"><a class=\"btn btn-primary  \" href=\"https:\/\/pt.raelpress.org\/news.php?item.88.1\" target=\"_blank\" >Leer m\u00e1s  &#8211;&gt;<\/a> <\/li>\n<\/ul>\n","protected":false},"excerpt":{"rendered":"<p>Confer\u00eancia Online &#8220;Covid-19, mentes colonizadas: \u201cseguidismo\u201d latino-americano&#8221;. A depend\u00eancia cultural e mental das ex-col\u00f3nias com seus antigos propriet\u00e1rios<\/p>\n","protected":false},"author":1,"featured_media":3918,"comment_status":"closed","ping_status":"closed","sticky":false,"template":"","format":"standard","meta":{"footnotes":""},"categories":[59],"tags":[],"class_list":["post-3922","post","type-post","status-publish","format-standard","has-post-thumbnail","hentry","category-comunicado-de-imprensa"],"meta_box":{"imic_strict_no_header":"","imic_page_topbar_show":"","imic_page_specific_header":"","imic_page_logo_image":[],"imic_page_retina_logo_image":[],"imic_page_retina_logo_image_width":"","imic_page_retina_logo_image_height":"","imic_page_layout":"","imic_content_width":"","imic_content_padding_top":"","imic_content_padding_bottom":"","imic_pages_body_bg_color":"","imic_pages_body_bg_image":[],"imic_pages_body_bg_wide":"","imic_pages_body_bg_repeat":"","imic_pages_content_bg_color":"","imic_pages_content_bg_image":[],"imic_pages_content_bg_wide":"","imic_pages_content_bg_repeat":"","imic_page_header_show":"","imic_pages_Choose_slider_display":"0","imic_header_image":[],"imic_pages_select_revolution_from_list":"[rev_slider alias=\\\"home-french\\\"]","imic_pages_select_smart_from_list":"","imic_pages_slider_height":"","imic_pages_slider_image":[],"imic_pages_slider_auto_slide":"yes","imic_pages_slider_speed":"","imic_pages_slider_pagination":"yes","imic_pages_slider_direction_arrows":"yes","imic_pages_slider_effects":"fade","imic_pages_banner_color":"","imic_pages_breadcrumb_show":"","imic_pages_title_show":"","imic_pages_banner_bg_color":"","imic_post_page_custom_title":"","imic_pages_banner_text_color":"","imic_pages_title_alignment":"","imic_page_social_share":"","imic_select_sidebar_from_list":"","imic_select_sidebar_position":"","imic_post_custom_description":""},"_links":{"self":[{"href":"https:\/\/www.descolonizacion.org\/pt-br\/wp-json\/wp\/v2\/posts\/3922","targetHints":{"allow":["GET"]}}],"collection":[{"href":"https:\/\/www.descolonizacion.org\/pt-br\/wp-json\/wp\/v2\/posts"}],"about":[{"href":"https:\/\/www.descolonizacion.org\/pt-br\/wp-json\/wp\/v2\/types\/post"}],"author":[{"embeddable":true,"href":"https:\/\/www.descolonizacion.org\/pt-br\/wp-json\/wp\/v2\/users\/1"}],"replies":[{"embeddable":true,"href":"https:\/\/www.descolonizacion.org\/pt-br\/wp-json\/wp\/v2\/comments?post=3922"}],"version-history":[{"count":2,"href":"https:\/\/www.descolonizacion.org\/pt-br\/wp-json\/wp\/v2\/posts\/3922\/revisions"}],"predecessor-version":[{"id":3924,"href":"https:\/\/www.descolonizacion.org\/pt-br\/wp-json\/wp\/v2\/posts\/3922\/revisions\/3924"}],"wp:featuredmedia":[{"embeddable":true,"href":"https:\/\/www.descolonizacion.org\/pt-br\/wp-json\/wp\/v2\/media\/3918"}],"wp:attachment":[{"href":"https:\/\/www.descolonizacion.org\/pt-br\/wp-json\/wp\/v2\/media?parent=3922"}],"wp:term":[{"taxonomy":"category","embeddable":true,"href":"https:\/\/www.descolonizacion.org\/pt-br\/wp-json\/wp\/v2\/categories?post=3922"},{"taxonomy":"post_tag","embeddable":true,"href":"https:\/\/www.descolonizacion.org\/pt-br\/wp-json\/wp\/v2\/tags?post=3922"}],"curies":[{"name":"wp","href":"https:\/\/api.w.org\/{rel}","templated":true}]}}