{"id":3910,"date":"2020-05-10T09:29:50","date_gmt":"2020-05-10T14:29:50","guid":{"rendered":"http:\/\/www.descolonizacion.org\/pt-br\/?p=3910"},"modified":"2020-05-10T09:31:27","modified_gmt":"2020-05-10T14:31:27","slug":"responsabilidade-criminal-ocidental","status":"publish","type":"post","link":"https:\/\/www.descolonizacion.org\/pt-br\/responsabilidade-criminal-ocidental\/","title":{"rendered":"Raelianos condenam responsabilidade criminal ocidental"},"content":{"rendered":"<ul>\n<h2>Venezuela: Embargo, Coronav\u00edrus e Guerra \u2013 O Movimento Raeliano condena a hipocrisia e a responsabilidade criminosa ocidentais.<\/h2>\n<h3><\/h3>\n<\/ul>\n<p><\/p>\n<ul>\n<li>\n<p> O Movimento Raeliano, mediante o seu coordenador da Am\u00e9rica Latina, David Uzal, condena a hipocrisia das na\u00e7\u00f5es ocidentais na forma como a Venezuela \u00e9 tratada: <em>\u201cDe um lado, haveria uma guerra contra um perigo devastador, uma amea\u00e7a in\u00e9dita que justificaria medidas sanit\u00e1rias excecionais e liberticidas e, por outro lado, estas mesmas na\u00e7\u00f5es que gritam que vem a\u00ed o lobo n\u00e3o moveram um \u00fanico dedo para permitir que um pa\u00eds como a Venezuela se confronte a este \u201clobo\u201d que seria a pandemia do Covid-19\u201d<\/em> declara David Uzal desde o seu confinamento em Caracas, onde veio com outros raelianos para assistir \u00e0 <em>\u201cUniversidade da Felicidade\u201d<\/em>, a reuni\u00e3o continental do Movimento Raeliano que tem lugar todos os anos num pa\u00eds da Am\u00e9rica Latina. A anterior foi na Argentina em mar\u00e7o de 2019.<!--more--><\/p>\n<p>As atividades previstas de 15 a 22 de mar\u00e7o n\u00e3o foram plenamente levadas a cabo devido ao confinamento decidido pelo governo venezuelano a partir de segunda-feira, 16 de mar\u00e7o. Raelianos colombianos ficaram igualmente na Venezuela sem possibilidade de retorno ao seu pa\u00eds, devido \u00e0s tens\u00f5es entre ambas as na\u00e7\u00f5es, particularmente desde a integra\u00e7\u00e3o da Col\u00f4mbia na OTAN. <em>\u201cOs paramilitares assassinam quase diariamente dirigentes sindicalistas ou l\u00edderes sociais; as popula\u00e7\u00f5es ind\u00edgenas s\u00e3o despojadas dos seus recursos b\u00e1sicos e morrem de fome em lugares como em La Guajira; os narcotraficantes est\u00e3o ativos por todo o lado, tudo isto sem que a comunidade internacional se indigne. Dizer que h\u00e1 uma dupla moral seria estar muito abaixo da realidade\u201d<\/em> declara \u00c1ngel Xue Guti\u00e9rrez, coordenador do Movimento Raeliano Colombiano, igualmente detido na Venezuela.<\/p>\n<p>As medidas de confinamento, que se generalizaram na Am\u00e9rica Latina seguem as que foram decretadas pelos pa\u00edses ocidentais e pr\u00f3speros, sem ter em conta o n\u00edvel de desenvolvimento econ\u00f3mico e das infraestruturas incomparavelmente inferior e que levar\u00e1 a uma terr\u00edvel mis\u00e9ria nas classes mais desfavorecidas. Isto ser\u00e1 atenuado na Venezuela devido \u00e0s medidas de <em>\u201cbolsa alimentar\u201d<\/em> (bolsa Clap) destinadas a toda a popula\u00e7\u00e3o. <em>\u201cO paradoxo \u00e9 que em alguns aspetos sofrer\u00e3o aqui menos do que nos pa\u00edses vizinhos que t\u00eam os favores das pot\u00eancias ocidentais e onde o confinamento vai engendrar mis\u00e9rias muito superiores \u00e0s da pandemia em si,\u201d<\/em> declara \u00c1ngel Xue. <em>\u201cSem estas medidas dr\u00e1sticas e desproporcionadas, particularmente na Fran\u00e7a, Espanha e It\u00e1lia, os pa\u00edses deste continente n\u00e3o as teriam tomado. Os governos tiveram de se submeter a uma opini\u00e3o p\u00fablica globalizada e amedrontada; ao p\u00e2nico fomentado pelas autoridades de pa\u00edses influentes e propagado pelos grandes meios internacionais\u201d<\/em> acrescenta.<\/p>\n<p>De qualquer forma, os efeitos da epidemia do Covid-19 ser\u00e3o devastadores em todo o continente, o que inclui a Venezuela que sofre um bloqueio imposto pelos mesmo estados que anunciam em alto e bom som que a humanidade se confronta a uma pandemia que obriga a uma solidariedade internacional\u2026 <em>\u201cOu estes governos manifestam um alarmismo insincero ou s\u00e3o culpados de manter san\u00e7\u00f5es que correspondem a uma classifica\u00e7\u00e3o jur\u00eddica de criminosas, contra alguns pa\u00edses, incluindo a Venezuela,\u201d<\/em> declara David Uzal.<\/p>\n<p><em>\u201cPudemos observar a capacidade de organiza\u00e7\u00e3o, de adapta\u00e7\u00e3o, de resili\u00eancia, sem esquecer a alegria de viver da popula\u00e7\u00e3o venezuelana que, apesar de sofrer com esta situa\u00e7\u00e3o, est\u00e1 hoje mais bem preparada que a de qualquer outra na\u00e7\u00e3o contra a terr\u00edvel crise econ\u00f3mica que provocou a rea\u00e7\u00e3o irracional a este v\u00edrus. O bloqueio enrijeceu este povo e o obrigou a desenvolver uma intelig\u00eancia de sobreviv\u00eancia muito superior \u00e0 das popula\u00e7\u00f5es dos pa\u00edses que lhe impuseram san\u00e7\u00f5es. \u00c9 prov\u00e1vel que num futuro pr\u00f3ximo, os venezuelanos poder\u00e3o dar o exemplo \u00e0queles que d\u00e3o li\u00e7\u00f5es desde h\u00e1 demasiado tempo\u201d<\/em> conclui desde o seu ex\u00edlio indefinido na Venezuela.<\/p>\n<p>Tamb\u00e9m \u00e9 neste contexto que os EUA levam a cabo as maiores manobras militares no mar das Cara\u00edbas e no Pac\u00edfico pr\u00f3ximo desde a invas\u00e3o do Panam\u00e1 em 1989. <em>\u201cEm caso de guerra, toda a regi\u00e3o corre o risco de se afundar na viol\u00eancia, come\u00e7ando pela Col\u00f4mbia, onde a situa\u00e7\u00e3o social, dos Direitos Humanos e a fr\u00e1gil paz com a guerrilha vacilar\u00e1, provocando dist\u00farbios que ir\u00e3o provavelmente no sentido contr\u00e1rio \u00e0 das esperan\u00e7as dos EUA. Apesar das suas sete bases militares em solo colombiano, correm o risco de ser expulsos do pa\u00eds como o foram na S\u00edria e como o s\u00e3o agora no Iraque. E celebr\u00e1-lo-emos!\u201d<\/em> conclui, por sua vez, \u00c1ngel Xue.<\/p>\n<\/li>\n<p><\/p>\n<p><iframe width=\"560\" height=\"315\" src=\"https:\/\/www.youtube.com\/embed\/yOfMToQ2OwY\" frameborder=\"0\" allow=\"accelerometer; autoplay; encrypted-media; gyroscope; picture-in-picture\" allowfullscreen><\/iframe><\/p>\n<li style=\"display:inline;\"><a class=\"btn btn-primary  \" href=\"https:\/\/pt.raelpress.org\/news.php?item.85.1\" target=\"_blank\" >Leer m\u00e1s  &#8211;&gt;<\/a> <\/li>\n<\/ul>\n","protected":false},"excerpt":{"rendered":"<p>Venezuela: Embargo, Coronav\u00edrus e Guerra \u2013 O Movimento Raeliano condena a hipocrisia e a responsabilidade criminosa ocidentais.<\/p>\n","protected":false},"author":1,"featured_media":3903,"comment_status":"closed","ping_status":"closed","sticky":false,"template":"","format":"standard","meta":{"footnotes":""},"categories":[59],"tags":[],"class_list":["post-3910","post","type-post","status-publish","format-standard","has-post-thumbnail","hentry","category-comunicado-de-imprensa"],"meta_box":{"imic_strict_no_header":"","imic_page_topbar_show":"","imic_page_specific_header":"","imic_page_logo_image":[],"imic_page_retina_logo_image":[],"imic_page_retina_logo_image_width":"","imic_page_retina_logo_image_height":"","imic_page_layout":"","imic_content_width":"","imic_content_padding_top":"","imic_content_padding_bottom":"","imic_pages_body_bg_color":"","imic_pages_body_bg_image":[],"imic_pages_body_bg_wide":"","imic_pages_body_bg_repeat":"","imic_pages_content_bg_color":"","imic_pages_content_bg_image":[],"imic_pages_content_bg_wide":"","imic_pages_content_bg_repeat":"","imic_page_header_show":"","imic_pages_Choose_slider_display":"0","imic_header_image":[],"imic_pages_select_revolution_from_list":"[rev_slider alias=\\\"home-french\\\"]","imic_pages_select_smart_from_list":"","imic_pages_slider_height":"","imic_pages_slider_image":[],"imic_pages_slider_auto_slide":"yes","imic_pages_slider_speed":"","imic_pages_slider_pagination":"yes","imic_pages_slider_direction_arrows":"yes","imic_pages_slider_effects":"fade","imic_pages_banner_color":"","imic_pages_breadcrumb_show":"","imic_pages_title_show":"","imic_pages_banner_bg_color":"","imic_post_page_custom_title":"","imic_pages_banner_text_color":"","imic_pages_title_alignment":"","imic_page_social_share":"","imic_select_sidebar_from_list":"","imic_select_sidebar_position":"","imic_post_custom_description":""},"_links":{"self":[{"href":"https:\/\/www.descolonizacion.org\/pt-br\/wp-json\/wp\/v2\/posts\/3910","targetHints":{"allow":["GET"]}}],"collection":[{"href":"https:\/\/www.descolonizacion.org\/pt-br\/wp-json\/wp\/v2\/posts"}],"about":[{"href":"https:\/\/www.descolonizacion.org\/pt-br\/wp-json\/wp\/v2\/types\/post"}],"author":[{"embeddable":true,"href":"https:\/\/www.descolonizacion.org\/pt-br\/wp-json\/wp\/v2\/users\/1"}],"replies":[{"embeddable":true,"href":"https:\/\/www.descolonizacion.org\/pt-br\/wp-json\/wp\/v2\/comments?post=3910"}],"version-history":[{"count":2,"href":"https:\/\/www.descolonizacion.org\/pt-br\/wp-json\/wp\/v2\/posts\/3910\/revisions"}],"predecessor-version":[{"id":3912,"href":"https:\/\/www.descolonizacion.org\/pt-br\/wp-json\/wp\/v2\/posts\/3910\/revisions\/3912"}],"wp:featuredmedia":[{"embeddable":true,"href":"https:\/\/www.descolonizacion.org\/pt-br\/wp-json\/wp\/v2\/media\/3903"}],"wp:attachment":[{"href":"https:\/\/www.descolonizacion.org\/pt-br\/wp-json\/wp\/v2\/media?parent=3910"}],"wp:term":[{"taxonomy":"category","embeddable":true,"href":"https:\/\/www.descolonizacion.org\/pt-br\/wp-json\/wp\/v2\/categories?post=3910"},{"taxonomy":"post_tag","embeddable":true,"href":"https:\/\/www.descolonizacion.org\/pt-br\/wp-json\/wp\/v2\/tags?post=3910"}],"curies":[{"name":"wp","href":"https:\/\/api.w.org\/{rel}","templated":true}]}}