{"id":2927,"date":"2016-10-12T03:05:25","date_gmt":"2016-10-12T08:05:25","guid":{"rendered":"http:\/\/www.descolonizacion.org\/pt-br\/?p=2927"},"modified":"2016-10-12T03:05:25","modified_gmt":"2016-10-12T08:05:25","slug":"12-de-octubre-raelianos-protestan","status":"publish","type":"post","link":"https:\/\/www.descolonizacion.org\/pt-br\/12-de-octubre-raelianos-protestan\/","title":{"rendered":"Celebra\u00e7\u00f5es do 12 de outubro: Os Raelianos protestam"},"content":{"rendered":"<ul>\n<h2>Celebra\u00e7\u00f5es do 12 de outubro: <br \/>\nOs Raelianos protestam em frente de Monumentos a Colombo e diante das Embaixadas de Espanha<\/h2>\n<\/ul>\n<p><\/p>\n<ul>\n<li>\n<p>Enquanto que alguns pa\u00edses das Am\u00e9ricas estar\u00e3o celebrando o Dia da Ra\u00e7a, da Hispanidade ou de Colombo, os Raelianos protestar\u00e3o em frente das est\u00e1tuas de Crist\u00f3v\u00e3o Colombo e das embaixadas de Espanha como apoio aos Nativos Americanos que foram massacrados, advogando tamb\u00e9m, deste modo, a favor de uma verdadeira descoloniza\u00e7\u00e3o.<\/p>\n<\/li>\n<p><\/p>\n<li>\n<p>Numa entrevista recente acerca do que seria uma aut\u00eantica descoloniza\u00e7\u00e3o da Am\u00e9rica Latina, Rael, o l\u00edder espiritual do Movimento Raeliano, explicou que a celebra\u00e7\u00e3o do Dia de Colombo, Dia da Ra\u00e7a ou da Hispanidade constitui um insulto \u00e0s v\u00edtimas dos m\u00faltiplos genoc\u00eddios que tiveram lugar neste continente. \u201c\u00c9 uma vergonha que se celebre desta forma gloriosa o 12 de outubro, j\u00e1 que se trata, nem mais nem menos, da celebra\u00e7\u00e3o do exterm\u00ednio de 100 milh\u00f5es de nativos americanos. Continuamos de luto com o genoc\u00eddio de 6 milh\u00f5es de judeus europeus, enquanto que a mortandade de 100 milh\u00f5es de nativos americanos \u00e9 motivo de celebra\u00e7\u00e3o. N\u00e3o ser\u00e1 isso algo profundamente abjeto? Em lugar de celebra\u00e7\u00f5es, \u00e9 necess\u00e1rio que se reflita sobre a hist\u00f3ria da destrui\u00e7\u00e3o dos povos nativos, as viola\u00e7\u00f5es, os saques.\u201d<\/p>\n<\/li>\n<p><\/p>\n<li>\n<p>\u201cA crescente tend\u00eancia em negar-se a celebrar o 12 de outubro por parte de certos pa\u00edses e inclusive alguns estados ou munic\u00edpios norte americanos \u00e9 fant\u00e1stica, mas n\u00e3o \u00e9 suficiente\u201d declara Rael. \u201cChegou a hora de lan\u00e7ar uma ampla campanha de descristianiza\u00e7\u00e3o que promova a apostasia das popula\u00e7\u00f5es ind\u00edgenas que ofendem os seus antepassados ao praticarem a religi\u00e3o dos seus colonizadores. A isso se acrescenta a des-europeiza\u00e7\u00e3o, ou seja, a rejei\u00e7\u00e3o do que prov\u00eam dos europeus [e dos seus descendentes estadunidenses], como por exemplo o seu vestu\u00e1rio e nomes [\u2026]\u201d<\/p>\n<\/li>\n<p><\/p>\n<li>\n<p>Una verdadera descolonizaci\u00f3n del continente latino-americano incluye una des-colonizaci\u00f3n religiosa, explic\u00f3 Ra\u00ebl. \u201cAntes de la colonizaci\u00f3n no hab\u00eda cristianos en Sudam\u00e9rica ni en \u00c1frica, donde se practicaban encantadoras religiones ligadas a la naturaleza y que respetaban el medio ambiente. Estas fueron arrasadas por esta religi\u00f3n sangrienta, la religi\u00f3n cristiana y particularmente la Cat\u00f3lica, que, por lo visto, contribuy\u00f3 al esclavismo de los aut\u00f3ctonos.  \u00a1Es terrible que esto siga!\u201d<\/p>\n<\/li>\n<p><\/p>\n<li>\n<p>\u201cUma verdadeira descoloniza\u00e7\u00e3o do continente latino-americano inclui uma descoloniza\u00e7\u00e3o religiosa\u201d, explicou Rael. \u201cAntes da coloniza\u00e7\u00e3o n\u00e3o havia crist\u00e3os na Am\u00e9rica do Sul nem em \u00c1frica, onde se praticavam religi\u00f5es encantadoras ligadas \u00e0 natureza e que respeitavam o meio ambiente. Estas foram arrasadas por esta religi\u00e3o sangrenta, a religi\u00e3o crist\u00e3 e em particular a Cat\u00f3lica, que, pelos vistos, contribuiu \u00e0 escravatura dos aut\u00f3ctones. \u00c9 terr\u00edvel que isto continue!\u201d<\/p>\n<\/li>\n<p><\/p>\n<p>(&#8230;)<\/p>\n<li style=\"display:inline;\"><a class=\"btn btn-primary  \" href=\"http:\/\/pt.raelpress.org\/news.php?item.69.1\" target=\"_blank\" >leia mais no Rael-PRESS &#8211;&gt;<\/a> <\/li>\n","protected":false},"excerpt":{"rendered":"<p>Celebra\u00e7\u00f5es do 12 de outubro: Os Raelianos protestam em frente de Monumentos a Colombo e diante das Embaixadas de Espanha Enquanto que alguns pa\u00edses das [&hellip;]<\/p>\n","protected":false},"author":2,"featured_media":2928,"comment_status":"closed","ping_status":"closed","sticky":false,"template":"","format":"standard","meta":{"footnotes":""},"categories":[59],"tags":[],"class_list":["post-2927","post","type-post","status-publish","format-standard","has-post-thumbnail","hentry","category-comunicado-de-imprensa"],"meta_box":{"imic_strict_no_header":"","imic_page_topbar_show":"","imic_page_specific_header":"","imic_page_logo_image":[],"imic_page_retina_logo_image":[],"imic_page_retina_logo_image_width":"","imic_page_retina_logo_image_height":"","imic_page_layout":"","imic_content_width":"","imic_content_padding_top":"","imic_content_padding_bottom":"","imic_pages_body_bg_color":"","imic_pages_body_bg_image":[],"imic_pages_body_bg_wide":"","imic_pages_body_bg_repeat":"","imic_pages_content_bg_color":"","imic_pages_content_bg_image":[],"imic_pages_content_bg_wide":"","imic_pages_content_bg_repeat":"","imic_page_header_show":"","imic_pages_Choose_slider_display":"0","imic_header_image":[],"imic_pages_select_revolution_from_list":"[rev_slider alias=\\\"home-french\\\"]","imic_pages_select_smart_from_list":"","imic_pages_slider_height":"","imic_pages_slider_image":[],"imic_pages_slider_auto_slide":"yes","imic_pages_slider_speed":"","imic_pages_slider_pagination":"yes","imic_pages_slider_direction_arrows":"yes","imic_pages_slider_effects":"fade","imic_pages_banner_color":"","imic_pages_breadcrumb_show":"","imic_pages_title_show":"","imic_pages_banner_bg_color":"","imic_post_page_custom_title":"","imic_pages_banner_text_color":"","imic_pages_title_alignment":"","imic_page_social_share":"","imic_select_sidebar_from_list":"","imic_select_sidebar_position":"","imic_post_custom_description":""},"_links":{"self":[{"href":"https:\/\/www.descolonizacion.org\/pt-br\/wp-json\/wp\/v2\/posts\/2927","targetHints":{"allow":["GET"]}}],"collection":[{"href":"https:\/\/www.descolonizacion.org\/pt-br\/wp-json\/wp\/v2\/posts"}],"about":[{"href":"https:\/\/www.descolonizacion.org\/pt-br\/wp-json\/wp\/v2\/types\/post"}],"author":[{"embeddable":true,"href":"https:\/\/www.descolonizacion.org\/pt-br\/wp-json\/wp\/v2\/users\/2"}],"replies":[{"embeddable":true,"href":"https:\/\/www.descolonizacion.org\/pt-br\/wp-json\/wp\/v2\/comments?post=2927"}],"version-history":[{"count":1,"href":"https:\/\/www.descolonizacion.org\/pt-br\/wp-json\/wp\/v2\/posts\/2927\/revisions"}],"predecessor-version":[{"id":2929,"href":"https:\/\/www.descolonizacion.org\/pt-br\/wp-json\/wp\/v2\/posts\/2927\/revisions\/2929"}],"wp:featuredmedia":[{"embeddable":true,"href":"https:\/\/www.descolonizacion.org\/pt-br\/wp-json\/wp\/v2\/media\/2928"}],"wp:attachment":[{"href":"https:\/\/www.descolonizacion.org\/pt-br\/wp-json\/wp\/v2\/media?parent=2927"}],"wp:term":[{"taxonomy":"category","embeddable":true,"href":"https:\/\/www.descolonizacion.org\/pt-br\/wp-json\/wp\/v2\/categories?post=2927"},{"taxonomy":"post_tag","embeddable":true,"href":"https:\/\/www.descolonizacion.org\/pt-br\/wp-json\/wp\/v2\/tags?post=2927"}],"curies":[{"name":"wp","href":"https:\/\/api.w.org\/{rel}","templated":true}]}}